{"id":8433,"date":"2023-04-13T09:20:19","date_gmt":"2023-04-13T09:20:19","guid":{"rendered":"https:\/\/www.samiad.com\/events-coordinator\/"},"modified":"2025-07-18T07:47:57","modified_gmt":"2025-07-18T07:47:57","slug":"events-coordinator","status":"publish","type":"post","link":"https:\/\/www.samiad.com\/es\/events-coordinator\/","title":{"rendered":"Coordinador de eventos"},"content":{"rendered":"<div class=\"wpb-content-wrapper\"><p>[vc_row full_width=\u00bbstretch_row_content\u00bb content_placement=\u00bbmiddle\u00bb][vc_column width=\u00bb1\/2&#8243;][vc_single_image image=\u00bb1194&#8243; img_size=\u00bbfull\u00bb alignment=\u00bbcenter\u00bb el_id=\u00bbmain-image-mobile\u00bb][vc_column_text el_id=\u00bblocations-text\u00bb]525 \u00a3 POR SEMANA CON COMIDA Y ALOJAMIENTO INCLUIDOS<\/p>\n<h1>Coordinador de eventos<\/h1>\n<p><span style=\"font-weight: 400;\">Samiad es una de las escuelas de verano residenciales m\u00e1s grandes del Reino Unido, con cuatro campus y m\u00e1s de 1000 estudiantes procedentes de 70 pa\u00edses.<\/span><\/p>\n<p><span style=\"font-weight: 400;\">Nos enorgullecemos de ofrecer una experiencia \u00fanica centr\u00e1ndonos en las siguientes cuatro \u00e1reas:<\/span><\/p>\n<ul>\n<li><span style=\"font-weight: 400;\">Tenemos una proporci\u00f3n de personal por estudiante l\u00edder en el sector, lo que significa que podemos dedicar m\u00e1s tiempo individual a nuestros estudiantes. Nuestros profesores participan en todas las actividades y excursiones para fomentar el uso del ingl\u00e9s. <\/span><\/li>\n<li><span style=\"font-weight: 400;\">  Ofrecemos excursiones \u00fanicas y de gran valor, incluidas nuestras ahora famosas excursiones CON PERNOCTACI\u00d3N a un castillo medieval o a un parque de safari<\/span><\/li>\n<li><span style=\"font-weight: 400;\">Superamos los l\u00edmites de las actividades que se pueden ofrecer en una escuela de verano, desde carreras de zombis hasta juegos de escape, pistas de obst\u00e1culos y festivales de m\u00fasica<\/span><\/li>\n<li><span style=\"font-weight: 400;\">Limitamos cada idioma al 20%, lo que significa que hay un m\u00e1ximo de 30 ni\u00f1os con la misma lengua materna en cada campus.<\/span><\/li>\n<\/ul>\n<p>[\/vc_column_text][\/vc_column][vc_column width=\u00bb1\/2&#8243; offset=\u00bbvc_hidden-xs\u00bb][vc_single_image image=\u00bb1194&#8243; img_size=\u00bbfull\u00bb alignment=\u00bbright\u00bb el_id=\u00bbmain-image-hidden\u00bb][\/vc_column][\/vc_row][vc_row full_width=\u00bbstretch_row\u00bb content_placement=\u00bbmiddle\u00bb css=\u00bb.vc_custom_1679051905710{padding-top: 100px !important;padding-bottom: 50px !important;background-color: #eae3ee !important;}\u00bb el_id=\u00bblocations-block\u00bb][vc_column][vc_column_text el_class=\u00bbhighlights\u00bb]<\/p>\n<h2 class=\"highlights\" style=\"text-align: center;\">Aspectos Destacados<\/h2>\n<p>[\/vc_column_text][vc_row_inner gap=\u00bb35&#8243;][vc_column_inner width=\u00bb1\/3&#8243;][vc_column_text css=\u00bb.vc_custom_1681377596663{padding-top: 50px !important;padding-right: 0px !important;padding-bottom: 0px !important;padding-left: 0px !important;}\u00bb]<\/p>\n<h2><strong>Cualificaciones y requisitos esenciales<\/strong><\/h2>\n<ul>\n<li><span style=\"font-weight: 400;\">No se requieren cualificaciones formales<\/span><\/li>\n<li><span style=\"font-weight: 400;\">Se llevar\u00e1n a cabo comprobaciones DBS<\/span><\/li>\n<li><span style=\"font-weight: 400;\">Capacidad para trabajar en equipo<\/span><\/li>\n<li><span style=\"font-weight: 400;\">Experiencia trabajando con grupos de ni\u00f1os<\/span><\/li>\n<li><span style=\"font-weight: 400;\">Una cualificaci\u00f3n como entrenador es \u00fatil, pero no obligatoria<\/span><\/li>\n<\/ul>\n<p>[\/vc_column_text][\/vc_column_inner][vc_column_inner width=\u00bb1\/3&#8243;][vc_column_text css=\u00bb.vc_custom_1681377611300{padding-top: 50px !important;padding-right: 0px !important;padding-bottom: 0px !important;padding-left: 0px !important;}\u00bb]<\/p>\n<h2><strong>Habilidades preferidas<\/strong><\/h2>\n<ul>\n<li><span style=\"font-weight: 400;\">Esencial una personalidad entusiasta y amigable<\/span><\/li>\n<li><span style=\"font-weight: 400;\">Confianza al presentar<\/span><\/li>\n<li><span style=\"font-weight: 400;\">Buen comunicador<\/span><\/li>\n<li><span style=\"font-weight: 400;\">Experiencia trabajando con grupos de ni\u00f1os<\/span><\/li>\n<li><span style=\"font-weight: 400;\">Una cualificaci\u00f3n como entrenador es \u00fatil, pero no necesaria<\/span><\/li>\n<\/ul>\n<p>[\/vc_column_text][\/vc_column_inner][vc_column_inner width=\u00bb1\/3&#8243;][vc_column_text css=\u00bb.vc_custom_1681377616628{padding-top: 50px !important;padding-right: 0px !important;padding-bottom: 0px !important;padding-left: 0px !important;}\u00bb]<\/p>\n<h2><strong>Horas de trabajo <\/strong><\/h2>\n<p><span style=\"font-weight: 400;\">Debido a la naturaleza del puesto, la semana laboral de los coordinadores de eventos no se divide en sesiones como la del resto del personal de la escuela de verano; cada d\u00eda consta de 3 sesiones y se requiere que trabajen 18 de estas sesiones a la semana. El coordinador de eventos tendr\u00e1 un d\u00eda y una noche libres por semana. <\/span>[\/vc_column_text][\/vc_column_inner][\/vc_row_inner][\/vc_column][\/vc_row][vc_row css=\u00bb.vc_custom_1678099481657{margin-top: 100px !important;margin-bottom: 100px !important;}\u00bb][vc_column][vc_column_text el_class=\u00bbhighlights\u00bb]<\/p>\n<h2 class=\"highlights\" style=\"text-align: center;\"><strong>Funciones y responsabilidades<\/strong><\/h2>\n<p>[\/vc_column_text][vc_row_inner][vc_column_inner width=\u00bb1\/2&#8243;][vc_column_text css=\u00bb.vc_custom_1681377553414{padding-top: 50px !important;padding-right: 50px !important;padding-bottom: 50px !important;padding-left: 0px !important;}\u00bb]<\/p>\n<ul>\n<li>Planificar y llevar a cabo un programa de eventos, viajes y fiestas vibrante, imaginativo y bien organizado.<\/li>\n<li>Re\u00fane las ideas, la energ\u00eda y las habilidades del personal bajo su direcci\u00f3n para ofrecer el mejor programa posible.<\/li>\n<li>Se espera que dirija una amplia gama de actividades, desde batallas de sincronizaci\u00f3n labial hasta noches de concursos, desfiles de trastos y muchas m\u00e1s.<\/li>\n<li>Ser un modelo positivo para los estudiantes, proporcionando un entorno de apoyo y \u00e1nimo para que cada estudiante se desarrolle.<\/li>\n<li>Dirigir grupos de estudiantes en excursiones, siguiendo el itinerario preestablecido.<\/li>\n<li>Asegurarse de que los estudiantes est\u00e9n siempre seguros durante una actividad o en una excursi\u00f3n.<\/li>\n<li>Delegar, gestionar y apoyar al equipo de actividades de forma eficaz.<\/li>\n<li>Es esencial tener una visi\u00f3n general del programa y de c\u00f3mo cada miembro del personal puede contribuir a \u00e9l y trabajar dentro de \u00e9l.<\/li>\n<li>Trabajar en estrecha colaboraci\u00f3n y de forma eficaz con otros miembros del equipo directivo de la escuela de verano.<\/li>\n<li>Formar eficazmente a todos los l\u00edderes de actividades durante la formaci\u00f3n del personal y proporcionar apoyo, observaciones y formaci\u00f3n continuos durante todo el verano.<\/li>\n<li>Dirigir las reuniones de planificaci\u00f3n de los l\u00edderes de actividades para garantizar que los eventos y las actividades delegadas se preparen con suficiente antelaci\u00f3n, garantizando que todo el personal implicado en los eventos est\u00e9 bien informado y conozca sus funciones antes de que comiencen los eventos.<\/li>\n<li>Asistir y dirigir reuniones con el personal de actividades y la direcci\u00f3n.<\/li>\n<li>Elaborar registros y horarios de actividades diarios completos para estudiantes y personal.<\/li>\n<li>Asegurarse de que el personal prepare todo el equipo y las instalaciones antes de que comiencen los eventos y de que lo recoja suficientemente al final.<\/li>\n<\/ul>\n<p>[\/vc_column_text][\/vc_column_inner][vc_column_inner width=\u00bb1\/2&#8243;][vc_column_text css=\u00bb.vc_custom_1681377568491{padding-top: 50px !important;padding-right: 50px !important;padding-bottom: 50px !important;padding-left: 0px !important;}\u00bb]<\/p>\n<ul>\n<li>Apoyar al nuevo personal en la vida del campamento y predicar con el ejemplo.<\/li>\n<li>Asumir m\u00e1s responsabilidad en la estructura diaria del campamento.<\/li>\n<li>Ayudar con los traslados de estudiantes desde y hacia el aeropuerto si es necesario.<\/li>\n<li>Ayudar con las llegadas y salidas de los estudiantes.<\/li>\n<li>Este puesto es residencial y, por lo tanto, incluye una habitaci\u00f3n y 3 comidas al d\u00eda.<\/li>\n<li>Todo el personal de Samiad es responsable del bienestar y el disfrute de los estudiantes en el campus. Como parte de su funci\u00f3n, ser\u00e1 corresponsable de un peque\u00f1o n\u00famero de estudiantes en la residencia y deber\u00e1 informar de cualquier problema de bienestar al responsable de la residencia.<\/li>\n<li>Asegurarse de que todos los eventos cuenten con personal suficiente y de que todo el mundo conozca sus funciones.<\/li>\n<li>Garantizar que se mantengan los niveles adecuados de comportamiento de los estudiantes y abordar cualquier problema que surja.<\/li>\n<li>Junto con los dem\u00e1s miembros del equipo directivo, ser la cara de la escuela de verano, presentando un entorno profesional y positivo para los estudiantes, los l\u00edderes de grupo y el personal.<\/li>\n<li>Ayudar a que los estudiantes y los padres lleguen y salgan de la escuela sin problemas.<\/li>\n<li>Ponerse en contacto con el director del campus para los traslados desde y hacia todas las actividades y excursiones.<\/li>\n<li>Ayudar con las tareas de bienestar y pastorales cuando sea necesario y proporcionar apoyo tanto al coordinador de bienestar como a los l\u00edderes de bienestar.<\/li>\n<li>Responder a las necesidades de los estudiantes y los l\u00edderes de grupo en todo momento, priorizando la seguridad y el bienestar de los estudiantes e informando a la direcci\u00f3n.<\/li>\n<li>Capacitar a los estudiantes para que participen con \u00e9xito en el programa, ayud\u00e1ndoles al mismo tiempo a desarrollar su independencia, confianza y habilidades sociales.<\/li>\n<li>Ser una cara extrovertida, divertida y amigable a la que los estudiantes puedan acudir.<\/li>\n<li>Ayudar a la direcci\u00f3n en el funcionamiento diario eficaz del centro<\/li>\n<li>Ayudar en cualquier momento en una situaci\u00f3n de emergencia, o cuando un estudiante est\u00e9 enfermo o herido.<\/li>\n<li>Llevar a cabo todas las dem\u00e1s tareas razonables.<\/li>\n<\/ul>\n<p>[\/vc_column_text][\/vc_column_inner][\/vc_row_inner][\/vc_column][\/vc_row][vc_row full_width=\u00bbstretch_row\u00bb css=\u00bb.vc_custom_1681295487498{padding-top: 50px !important;padding-bottom: 50px !important;background-color: #e9e5dc !important;}\u00bb][vc_column][vc_column_text el_class=\u00bbhighlights\u00bb]<\/p>\n<h2 class=\"highlights\" style=\"text-align: center;\"><strong>SOLICITAR AHORA<\/strong><\/h2>\n<p>[\/vc_column_text]\n<div class=\"wpcf7 no-js\" id=\"wpcf7-f1861-o1\" lang=\"en-US\" dir=\"ltr\" data-wpcf7-id=\"1861\">\n<div class=\"screen-reader-response\"><p role=\"status\" aria-live=\"polite\" aria-atomic=\"true\"><\/p> <ul><\/ul><\/div>\n<form action=\"\/es\/wp-json\/wp\/v2\/posts\/8433#wpcf7-f1861-o1\" method=\"post\" class=\"wpcf7-form init\" aria-label=\"Contact form\" novalidate=\"novalidate\" data-status=\"init\">\n<fieldset class=\"hidden-fields-container\"><input type=\"hidden\" name=\"_wpcf7\" value=\"1861\" \/><input type=\"hidden\" name=\"_wpcf7_version\" value=\"6.1.5\" \/><input type=\"hidden\" name=\"_wpcf7_locale\" value=\"en_US\" \/><input type=\"hidden\" name=\"_wpcf7_unit_tag\" value=\"wpcf7-f1861-o1\" \/><input type=\"hidden\" name=\"_wpcf7_container_post\" value=\"0\" \/><input type=\"hidden\" name=\"_wpcf7_posted_data_hash\" value=\"\" \/><input type=\"hidden\" name=\"_wpcf7_recaptcha_response\" value=\"\" \/>\n<\/fieldset>\n<div class=\"newformenquire\">\n\t<p><label> Your name<\/label><br \/>\n<span class=\"wpcf7-form-control-wrap\" data-name=\"your-name\"><input size=\"40\" maxlength=\"400\" class=\"wpcf7-form-control wpcf7-text wpcf7-validates-as-required\" autocomplete=\"name\" aria-required=\"true\" aria-invalid=\"false\" value=\"\" type=\"text\" name=\"your-name\" \/><\/span>\n\t<\/p>\n\t<p><label> Your email<\/label><br \/>\n<span class=\"wpcf7-form-control-wrap\" data-name=\"your-email\"><input size=\"40\" maxlength=\"400\" class=\"wpcf7-form-control wpcf7-email wpcf7-validates-as-required wpcf7-text wpcf7-validates-as-email\" autocomplete=\"email\" aria-required=\"true\" aria-invalid=\"false\" value=\"\" type=\"email\" name=\"your-email\" \/><\/span>\n\t<\/p>\n\t<p><label> Your message (optional)<\/label><br \/>\n<span class=\"wpcf7-form-control-wrap\" data-name=\"your-message\"><textarea cols=\"40\" rows=\"10\" maxlength=\"2000\" class=\"wpcf7-form-control wpcf7-textarea\" aria-invalid=\"false\" name=\"your-message\"><\/textarea><\/span>\n\t<\/p>\n\t<p><span class=\"wpcf7-form-control-wrap\" data-name=\"upload-file-721\"><input size=\"40\" class=\"wpcf7-form-control wpcf7-drag-n-drop-file d-none\" aria-required=\"true\" aria-invalid=\"false\" type=\"file\" multiple=\"multiple\" data-name=\"upload-file-721\" data-id=\"1861\" data-version=\"free version 1.3.9.6\" accept=\".\" \/><\/span>\n\t<\/p>\n\t<p><input class=\"wpcf7-form-control wpcf7-submit has-spinner\" type=\"submit\" value=\"Submit\" \/>\n\t<\/p>\n<\/div><div class=\"wpcf7-response-output\" aria-hidden=\"true\"><\/div>\n<\/form>\n<\/div>\n[\/vc_column][\/vc_row]<\/p>\n<\/div>","protected":false},"excerpt":{"rendered":"<p>525 \u00a3 POR SEMANA CON COMIDA Y ALOJAMIENTO INCLUIDOS<\/p>\n<p>Samiad es una de las escuelas de verano residenciales m\u00e1s grandes del Reino Unido, con cuatro campus y m\u00e1s de 1000 estudiantes procedentes de 70 pa\u00edses.<\/p>\n","protected":false},"author":1,"featured_media":5719,"comment_status":"closed","ping_status":"closed","sticky":false,"template":"","format":"standard","meta":{"_acf_changed":false,"neve_meta_sidebar":"","neve_meta_container":"","neve_meta_enable_content_width":"off","neve_meta_content_width":70,"neve_meta_title_alignment":"","neve_meta_author_avatar":"","neve_post_elements_order":"","neve_meta_disable_header":"","neve_meta_disable_footer":"","neve_meta_disable_title":"","neve_meta_reading_time":"","footnotes":""},"categories":[94],"tags":[],"class_list":["post-8433","post","type-post","status-publish","format-standard","has-post-thumbnail","hentry","category-is-ilanlari"],"acf":[],"_links":{"self":[{"href":"https:\/\/www.samiad.com\/es\/wp-json\/wp\/v2\/posts\/8433","targetHints":{"allow":["GET"]}}],"collection":[{"href":"https:\/\/www.samiad.com\/es\/wp-json\/wp\/v2\/posts"}],"about":[{"href":"https:\/\/www.samiad.com\/es\/wp-json\/wp\/v2\/types\/post"}],"author":[{"embeddable":true,"href":"https:\/\/www.samiad.com\/es\/wp-json\/wp\/v2\/users\/1"}],"replies":[{"embeddable":true,"href":"https:\/\/www.samiad.com\/es\/wp-json\/wp\/v2\/comments?post=8433"}],"version-history":[{"count":0,"href":"https:\/\/www.samiad.com\/es\/wp-json\/wp\/v2\/posts\/8433\/revisions"}],"wp:featuredmedia":[{"embeddable":true,"href":"https:\/\/www.samiad.com\/es\/wp-json\/wp\/v2\/media\/5719"}],"wp:attachment":[{"href":"https:\/\/www.samiad.com\/es\/wp-json\/wp\/v2\/media?parent=8433"}],"wp:term":[{"taxonomy":"category","embeddable":true,"href":"https:\/\/www.samiad.com\/es\/wp-json\/wp\/v2\/categories?post=8433"},{"taxonomy":"post_tag","embeddable":true,"href":"https:\/\/www.samiad.com\/es\/wp-json\/wp\/v2\/tags?post=8433"}],"curies":[{"name":"wp","href":"https:\/\/api.w.org\/{rel}","templated":true}]}}