{"id":9387,"date":"2023-04-12T14:58:31","date_gmt":"2023-04-12T14:58:31","guid":{"rendered":"https:\/\/www.samiad.com\/teacher\/"},"modified":"2025-09-17T14:05:52","modified_gmt":"2025-09-17T14:05:52","slug":"teacher","status":"publish","type":"post","link":"https:\/\/www.samiad.com\/tr\/teacher\/","title":{"rendered":"\u00d6\u011fretmen"},"content":{"rendered":"<div class=\"wpb-content-wrapper\"><p>[vc_row full_width=&#8221;stretch_row_content&#8221; content_placement=&#8221;middle&#8221;][vc_column width=&#8221;1\/2&#8243;][vc_single_image image=&#8221;1194&#8243; img_size=&#8221;full&#8221; alignment=&#8221;center&#8221; el_id=&#8221;main-image-mobile&#8221;][vc_column_text el_id=&#8221;locations-text&#8221;]HAFTALIK 425\u00a3 YEMEK VE KONAKLAMA DAH\u0130L<\/p>\n<h1>\u00d6\u011fretmen<\/h1>\n<p>EFL \u00f6\u011fretmeni olarak g\u00f6revin, d\u00fcnyan\u0131n d\u00f6rt bir yan\u0131ndan 8-17 ya\u015f aras\u0131 uluslararas\u0131 \u00f6\u011frencilere \u00e7e\u015fitli \u0130ngilizce dil dersleri planlamak, haz\u0131rlamak ve vermek olacak. Derslerin ve \u00f6\u011fretim tarz\u0131n co\u015fkulu, te\u015fvik edici ve ilgi \u00e7ekici olmal\u0131. <\/p>\n<p>Samiad, d\u00f6rt kamp\u00fcs\u00fc ve 70 \u00fclkeden beklenen 1000&#8217;den fazla \u00f6\u011frencisiyle \u0130ngiltere&#8217;nin en b\u00fcy\u00fck yat\u0131l\u0131 yaz okullar\u0131ndan biridir.<\/p>\n<p>A\u015fa\u011f\u0131daki d\u00f6rt alana odaklanarak benzersiz bir deneyim sunmaktan gurur duyuyoruz:<\/p>\n<p>Sekt\u00f6rde \u00f6nc\u00fc bir personel-\u00f6\u011frenci oran\u0131na sahibiz, bu sayede \u00f6\u011frencilerimizle daha fazla birebir zaman ge\u00e7irebiliyoruz ve \u00f6\u011fretmenlerimiz \u0130ngilizce kullan\u0131m\u0131n\u0131 te\u015fvik etmek i\u00e7in t\u00fcm aktivite ve gezilere kat\u0131l\u0131yor.<br \/>\nArt\u0131k \u00fcnlenen orta\u00e7a\u011f \u015fatosuna ya da safari park\u0131na GECE KONAKLAMALI geziler dahil olmak \u00fczere, benzersiz, y\u00fcksek de\u011ferli geziler sunuyoruz!<\/p>\n<p>Zombi ko\u015fular\u0131, ka\u00e7\u0131\u015f oyunlar\u0131, engelli parkurlar ve m\u00fczik festivalleri gibi bir yaz okulunda sunulabilecek aktivitelerin s\u0131n\u0131rlar\u0131n\u0131 zorluyoruz. Her dili %20 ile s\u0131n\u0131rl\u0131yoruz, yani her kamp\u00fcste ayn\u0131 ana dile sahip en fazla 30 \u00e7ocuk bulunuyor.[\/vc_column_text][\/vc_column][vc_column width=&#8221;1\/2&#8243; offset=&#8221;vc_hidden-xs&#8221;][vc_single_image image=&#8221;1194&#8243; img_size=&#8221;full&#8221; alignment=&#8221;right&#8221; el_id=&#8221;main-image-hidden&#8221;][\/vc_column][\/vc_row][vc_row full_width=&#8221;stretch_row&#8221; content_placement=&#8221;middle&#8221; css=&#8221;.vc_custom_1679051905710{padding-top: 100px !important;padding-bottom: 50px !important;background-color: #eae3ee !important;}&#8221; el_id=&#8221;konumlar-blo\u011fu&#8221;][vc_column][vc_column_text el_class=&#8221;highlights&#8221;]<\/p>\n<h2 class=\"highlights\" style=\"text-align: center;\">\u00d6ne \u00c7\u0131kanlar<\/h2>\n<p>[\/vc_column_text][vc_row_inner gap=&#8221;35&#8243;][vc_column_inner width=&#8221;1\/3&#8243;][vc_column_text css=&#8221;.vc_custom_1681311349436{padding-top: 50px !important;padding-right: 0px !important;padding-bottom: 0px !important;padding-left: 0px !important;}&#8221;]<\/p>\n<h2><strong>Nitelikler ve temel gereksinimler<\/strong><\/h2>\n<ul>\n<li>CELTA, TESOL veya TEFL, ya da ilgili konularda PGCE, BEd, QTS<\/li>\n<li>\u0130ngiltere&#8217;de ya\u015fama ve \u00e7al\u0131\u015fma iznine sahip olmal\u0131<\/li>\n<li>\u0130ngilizce ve yabanc\u0131 dillerde m\u00fckemmel konu\u015fma ve yazma becerileri<\/li>\n<li>Organize ve verimli olmal\u0131<\/li>\n<li>Tak\u0131m \u00e7al\u0131\u015fmas\u0131na yatk\u0131n olmal\u0131<\/li>\n<li>Esnek tutum<\/li>\n<\/ul>\n<p>[\/vc_column_text][\/vc_column_inner][vc_column_inner width=&#8221;1\/3&#8243;][vc_column_text css=&#8221;.vc_custom_1681311386958{padding-top: 50px !important;padding-right: 0px !important;padding-bottom: 0px !important;padding-left: 0px !important;}&#8221;]<\/p>\n<h2><strong>Tercih edilen beceriler<\/strong><\/h2>\n<ul>\n<li>Net diksiyon<\/li>\n<li>Sab\u0131r<\/li>\n<li>G\u00fcncel ilk yard\u0131m veya RLSS cankurtaranl\u0131k sertifikas\u0131<\/li>\n<li>G\u00fcncel DBS kontrol\u00fc (eski ad\u0131yla CRB)<\/li>\n<\/ul>\n<p>[\/vc_column_text][\/vc_column_inner][vc_column_inner width=&#8221;1\/3&#8243;][vc_column_text css=&#8221;.vc_custom_1681311338096{padding-top: 50px !important;padding-right: 0px !important;padding-bottom: 0px !important;padding-left: 0px !important;}&#8221;]<\/p>\n<h2><strong>\u00c7al\u0131\u015fma saatleri <\/strong><\/h2>\n<p>\u00d6\u011fretmenler g\u00fcnde 3 oturumdan 2&#8217;sinde \u00e7al\u0131\u015f\u0131r. Bu oturumlar \u00f6\u011fretim, ders planlama ve haz\u0131rl\u0131k, aktivitelere\/etkinliklere kat\u0131l\u0131m veya genel g\u00f6revlerle ge\u00e7er. Programl\u0131 oturumlar d\u0131\u015f\u0131nda, personel gerekli toplant\u0131lara kat\u0131lmak ve \u00f6\u011frencilerin g\u00fcvenli\u011fini ve refah\u0131n\u0131 her zaman sa\u011flamakla sorumludur. Haftal\u0131k rehberlik g\u00f6revlerinin bir par\u00e7as\u0131 olarak, Aktivite Liderleri haftada yakla\u015f\u0131k iki kez Yurt N\u00f6beti tutacak ve yatakhanelerde Yurt Ebeveynlerine yard\u0131mc\u0131 olacakt\u0131r.   <\/p>\n<p>T\u00fcm \u00f6\u011fretmenler haftada bir tam g\u00fcn ve bir ak\u015fam izin alacak[\/vc_column_text][\/vc_column_inner][\/vc_row_inner][\/vc_column][\/vc_row][vc_row css=&#8221;.vc_custom_1678099481657{margin-top: 100px !important;margin-bottom: 100px !important;}&#8221;][vc_column][vc_column_text el_class=&#8221;highlights&#8221;]<\/p>\n<h2 class=\"highlights\" style=\"text-align: center;\"><strong>Rol ve sorumluluklar<\/strong><\/h2>\n<p>[\/vc_column_text][vc_row_inner][vc_column_inner width=&#8221;1\/2&#8243;][vc_column_text css=&#8221;.vc_custom_1681311241161{padding-top: 50px !important;padding-right: 50px !important;padding-bottom: 50px !important;padding-left: 0px !important;}&#8221;]<\/p>\n<ul>\n<li>S\u0131n\u0131f y\u00f6netimi;<\/li>\n<li>Planlama &#8211; m\u00fcfredat\u0131m\u0131za uygun ders planlar\u0131 ve slaytlar sa\u011fl\u0131yoruz, \u00f6\u011fretmenlerin bunlar\u0131 inceleyip farkl\u0131 ya\u015f gruplar\u0131na ders vermek i\u00e7in haz\u0131rlanmas\u0131 gerekiyor<\/li>\n<li>Test, s\u0131nav ka\u011f\u0131tlar\u0131 ve al\u0131\u015ft\u0131rmalar haz\u0131rlama ve d\u00fczenleme<\/li>\n<li>Ses ve g\u00f6rsel kaynaklar dahil olmak \u00fczere yeni materyaller tasarlama, yazma ve \u00fcretme.<\/li>\n<li>Grup oturumlar\u0131 arac\u0131l\u0131\u011f\u0131yla \u00f6\u011frencilerin dinleme, konu\u015fma, okuma ve yazma becerilerini geli\u015ftirmelerine yard\u0131mc\u0131 olma.<br \/>\n\u00d6\u011frencilerin \u00e7al\u0131\u015fmalar\u0131n\u0131 kontrol etme ve de\u011ferlendirme, s\u00f6zl\u00fc ve yaz\u0131l\u0131 \u00e7al\u0131\u015fmalar\u0131 notland\u0131rma ve uygun geri bildirim sa\u011flama.<\/li>\n<li>Bireysel \u00f6\u011frencilerin geli\u015fimi, ilerlemesi ve ba\u015far\u0131s\u0131 hakk\u0131nda rapor verme;<\/li>\n<li>\u00d6\u011frenci kay\u0131tlar\u0131 ve devam kay\u0131tlar\u0131n\u0131 tutma gibi temel idari i\u015fler.<\/li>\n<li>Aktivite program\u0131na tam kat\u0131l\u0131m sa\u011flama, aktivitelere liderlik etme, yard\u0131mc\u0131 olma ve kat\u0131lma.<\/li>\n<li>\u00d6nceden planlanm\u0131\u015f programlar\u0131 takip ederek \u00f6\u011frenci gruplar\u0131na gezilerde liderlik etme.<\/li>\n<li>\u00d6\u011frencilerin aktivite veya gezide g\u00fcvende oldu\u011fundan ve kat\u0131l\u0131m g\u00f6sterdi\u011finden emin olma.<\/li>\n<\/ul>\n<p>[\/vc_column_text][\/vc_column_inner][vc_column_inner width=&#8221;1\/2&#8243;][vc_column_text css=&#8221;.vc_custom_1681311264688{padding-top: 50px !important;padding-right: 50px !important;padding-bottom: 50px !important;padding-left: 0px !important;}&#8221;]<\/p>\n<ul>\n<li>Bu pozisyon yat\u0131l\u0131d\u0131r ve bu nedenle yatak odas\u0131 ve g\u00fcnde 3 \u00f6\u011f\u00fcn yemek dahildir.<\/li>\n<li>T\u00fcm Samiad personeli, kamp\u00fcsteki \u00f6\u011frencilerin refah\u0131ndan ve memnuniyetinden sorumludur. G\u00f6revin bir par\u00e7as\u0131 olarak yatakhanede az say\u0131da \u00f6\u011frenciden ortak sorumlu olacak ve herhangi bir refah sorununu Yurt Ebeveynine bildirmen gerekecek. <\/li>\n<li>Belirlenen g\u00fcnlerde yurt n\u00f6betinde Yurt Ebeveynine destek olma, uyan\u0131\u015f saatinde, \u00f6\u011frencilerin yurda gidi\u015f-geli\u015flerinde ve yurtta bulunduklar\u0131 s\u00fcre boyunca g\u00f6zetim, yatakhanelerde olumlu ve misafirperver bir atmosfer olu\u015fturulmas\u0131na destek olma.<\/li>\n<li>Gerekti\u011finde \u00f6\u011frencilerin havaalan\u0131 transferlerine yard\u0131mc\u0131 olma.<\/li>\n<li>\u00d6\u011frencilerin geli\u015f ve gidi\u015flerine yard\u0131mc\u0131 olma.<\/li>\n<li>Yemek ve mola saatlerinde \u00f6\u011frencileri aktif olarak g\u00f6zetme ve onlarla etkile\u015fimde bulunma.<\/li>\n<li>\u00d6\u011frencilerin ve Grup Liderlerinin ihtiya\u00e7lar\u0131na her zaman cevap verme, \u00f6\u011frencilerin g\u00fcvenli\u011fini ve refah\u0131n\u0131 \u00f6nceliklendirerek y\u00f6netime bildirme.<\/li>\n<li>\u00d6\u011frencilerin ba\u011f\u0131ms\u0131zl\u0131k, \u00f6zg\u00fcven ve sosyal becerilerini geli\u015ftirmelerine yard\u0131mc\u0131 olurken programa ba\u015far\u0131yla kat\u0131lmalar\u0131n\u0131 sa\u011flama.<\/li>\n<li>\u00d6\u011frencilerin ba\u015fvurabilece\u011fi d\u0131\u015fa d\u00f6n\u00fck, e\u011flenceli ve arkada\u015f canl\u0131s\u0131 biri olma.<\/li>\n<li>Di\u011fer t\u00fcm makul g\u00f6revleri yerine getirme.<\/li>\n<li>Yo\u011fun \u0130ngilizce derslerinin haz\u0131rlanmas\u0131 ve verilmesi (\u00f6\u011frenci talebine ba\u011fl\u0131 olarak t\u00fcm \u00f6\u011fretmenlerin s\u00f6zle\u015fmelerinin bir k\u0131sm\u0131nda bu programa kat\u0131lmalar\u0131 gerekebilir).<\/li>\n<\/ul>\n<p>[\/vc_column_text][\/vc_column_inner][\/vc_row_inner][\/vc_column][\/vc_row][vc_row full_width=&#8221;stretch_row&#8221; css=&#8221;.vc_custom_1681295487498{padding-top: 50px !important;padding-bottom: 50px !important;background-color: #e9e5dc !important;}&#8221;][vc_column][vc_column_text el_class=&#8221;highlights&#8221;]<\/p>\n<h2 class=\"highlights\" style=\"text-align: center;\"><strong>\u015e\u0130MD\u0130 BA\u015eVUR<\/strong><\/h2>\n<p>[\/vc_column_text]\n<div class=\"wpcf7 no-js\" id=\"wpcf7-f1861-o1\" lang=\"en-US\" dir=\"ltr\" data-wpcf7-id=\"1861\">\n<div class=\"screen-reader-response\"><p role=\"status\" aria-live=\"polite\" aria-atomic=\"true\"><\/p> <ul><\/ul><\/div>\n<form action=\"\/tr\/wp-json\/wp\/v2\/posts\/9387#wpcf7-f1861-o1\" method=\"post\" class=\"wpcf7-form init\" aria-label=\"Contact form\" novalidate=\"novalidate\" data-status=\"init\">\n<fieldset class=\"hidden-fields-container\"><input type=\"hidden\" name=\"_wpcf7\" value=\"1861\" \/><input type=\"hidden\" name=\"_wpcf7_version\" value=\"6.1.5\" \/><input type=\"hidden\" name=\"_wpcf7_locale\" value=\"en_US\" \/><input type=\"hidden\" name=\"_wpcf7_unit_tag\" value=\"wpcf7-f1861-o1\" \/><input type=\"hidden\" name=\"_wpcf7_container_post\" value=\"0\" \/><input type=\"hidden\" name=\"_wpcf7_posted_data_hash\" value=\"\" \/><input type=\"hidden\" name=\"_wpcf7_recaptcha_response\" value=\"\" \/>\n<\/fieldset>\n<div class=\"newformenquire\">\n\t<p><label> Your name<\/label><br \/>\n<span class=\"wpcf7-form-control-wrap\" data-name=\"your-name\"><input size=\"40\" maxlength=\"400\" class=\"wpcf7-form-control wpcf7-text wpcf7-validates-as-required\" autocomplete=\"name\" aria-required=\"true\" aria-invalid=\"false\" value=\"\" type=\"text\" name=\"your-name\" \/><\/span>\n\t<\/p>\n\t<p><label> Your email<\/label><br \/>\n<span class=\"wpcf7-form-control-wrap\" data-name=\"your-email\"><input size=\"40\" maxlength=\"400\" class=\"wpcf7-form-control wpcf7-email wpcf7-validates-as-required wpcf7-text wpcf7-validates-as-email\" autocomplete=\"email\" aria-required=\"true\" aria-invalid=\"false\" value=\"\" type=\"email\" name=\"your-email\" \/><\/span>\n\t<\/p>\n\t<p><label> Your message (optional)<\/label><br \/>\n<span class=\"wpcf7-form-control-wrap\" data-name=\"your-message\"><textarea cols=\"40\" rows=\"10\" maxlength=\"2000\" class=\"wpcf7-form-control wpcf7-textarea\" aria-invalid=\"false\" name=\"your-message\"><\/textarea><\/span>\n\t<\/p>\n\t<p><span class=\"wpcf7-form-control-wrap\" data-name=\"upload-file-721\"><input size=\"40\" class=\"wpcf7-form-control wpcf7-drag-n-drop-file d-none\" aria-required=\"true\" aria-invalid=\"false\" type=\"file\" multiple=\"multiple\" data-name=\"upload-file-721\" data-id=\"1861\" data-version=\"free version 1.3.9.6\" accept=\".\" \/><\/span>\n\t<\/p>\n\t<p><input class=\"wpcf7-form-control wpcf7-submit has-spinner\" type=\"submit\" value=\"Submit\" \/>\n\t<\/p>\n<\/div><div class=\"wpcf7-response-output\" aria-hidden=\"true\"><\/div>\n<\/form>\n<\/div>\n[\/vc_column][\/vc_row]<\/p>\n<\/div>","protected":false},"excerpt":{"rendered":"<p>HAFTALIK 425\u00a3 YEMEK VE KONAKLAMA DAH\u0130L<\/p>\n<p>EFL \u00f6\u011fretmeni olarak g\u00f6revin, d\u00fcnyan\u0131n d\u00f6rt bir yan\u0131ndan 8-17 ya\u015f aras\u0131 uluslararas\u0131 \u00f6\u011frencilere \u00e7e\u015fitli \u0130ngilizce dil dersleri planlamak, haz\u0131rlamak ve vermek olacak. Derslerin ve \u00f6\u011fretim tarz\u0131n co\u015fkulu, te\u015fvik edici ve ilgi \u00e7ekici olmal\u0131. <\/p>\n","protected":false},"author":1,"featured_media":5410,"comment_status":"closed","ping_status":"closed","sticky":false,"template":"","format":"standard","meta":{"_acf_changed":false,"neve_meta_sidebar":"","neve_meta_container":"","neve_meta_enable_content_width":"off","neve_meta_content_width":70,"neve_meta_title_alignment":"","neve_meta_author_avatar":"","neve_post_elements_order":"","neve_meta_disable_header":"","neve_meta_disable_footer":"","neve_meta_disable_title":"","neve_meta_reading_time":"","footnotes":""},"categories":[94],"tags":[],"class_list":["post-9387","post","type-post","status-publish","format-standard","has-post-thumbnail","hentry","category-is-ilanlari"],"acf":[],"_links":{"self":[{"href":"https:\/\/www.samiad.com\/tr\/wp-json\/wp\/v2\/posts\/9387","targetHints":{"allow":["GET"]}}],"collection":[{"href":"https:\/\/www.samiad.com\/tr\/wp-json\/wp\/v2\/posts"}],"about":[{"href":"https:\/\/www.samiad.com\/tr\/wp-json\/wp\/v2\/types\/post"}],"author":[{"embeddable":true,"href":"https:\/\/www.samiad.com\/tr\/wp-json\/wp\/v2\/users\/1"}],"replies":[{"embeddable":true,"href":"https:\/\/www.samiad.com\/tr\/wp-json\/wp\/v2\/comments?post=9387"}],"version-history":[{"count":0,"href":"https:\/\/www.samiad.com\/tr\/wp-json\/wp\/v2\/posts\/9387\/revisions"}],"wp:featuredmedia":[{"embeddable":true,"href":"https:\/\/www.samiad.com\/tr\/wp-json\/wp\/v2\/media\/5410"}],"wp:attachment":[{"href":"https:\/\/www.samiad.com\/tr\/wp-json\/wp\/v2\/media?parent=9387"}],"wp:term":[{"taxonomy":"category","embeddable":true,"href":"https:\/\/www.samiad.com\/tr\/wp-json\/wp\/v2\/categories?post=9387"},{"taxonomy":"post_tag","embeddable":true,"href":"https:\/\/www.samiad.com\/tr\/wp-json\/wp\/v2\/tags?post=9387"}],"curies":[{"name":"wp","href":"https:\/\/api.w.org\/{rel}","templated":true}]}}