{"id":9432,"date":"2023-04-12T15:15:09","date_gmt":"2023-04-12T15:15:09","guid":{"rendered":"https:\/\/www.samiad.com\/activity-coordinator\/"},"modified":"2025-09-17T14:09:52","modified_gmt":"2025-09-17T14:09:52","slug":"activity-coordinator","status":"publish","type":"post","link":"https:\/\/www.samiad.com\/tr\/activity-coordinator\/","title":{"rendered":"Aktivite Koordinat\u00f6r\u00fc"},"content":{"rendered":"<div class=\"wpb-content-wrapper\"><p>[vc_row full_width=&#8221;stretch_row_content&#8221; content_placement=&#8221;middle&#8221;][vc_column width=&#8221;1\/2&#8243;][vc_single_image image=&#8221;1194&#8243; img_size=&#8221;full&#8221; alignment=&#8221;center&#8221; el_id=&#8221;main-image-mobile&#8221;][vc_column_text el_id=&#8221;locations-text&#8221;]HAFTALIK 525\u00a3 YEMEK VE KONAKLAMA DAH\u0130L<\/p>\n<h1>Aktivite Koordinat\u00f6r\u00fc<\/h1>\n<p>Samiad, d\u00f6rt kamp\u00fcs\u00fc ve 70 \u00fclkeden beklenen 1000&#8217;den fazla \u00f6\u011frencisiyle \u0130ngiltere&#8217;nin en b\u00fcy\u00fck yat\u0131l\u0131 yaz okullar\u0131ndan biridir.<\/p>\n<p>A\u015fa\u011f\u0131daki d\u00f6rt alana odaklanarak benzersiz bir deneyim sunmaktan gurur duyuyoruz:<\/p>\n<ul>\n<li>Sekt\u00f6rde \u00f6nc\u00fc bir personel-\u00f6\u011frenci oran\u0131na sahibiz, bu da \u00f6\u011frencilerimizle daha fazla birebir zaman ge\u00e7irebilece\u011fimiz anlam\u0131na geliyor.<\/li>\n<li>\u00d6\u011fretmenlerimiz \u0130ngilizce kullan\u0131m\u0131n\u0131 te\u015fvik etmek i\u00e7in t\u00fcm aktivitelere ve gezilere kat\u0131l\u0131yor.<\/li>\n<li>Orta\u00e7a\u011f \u015fatosuna veya safari park\u0131na art\u0131k \u00fcnl\u00fc olan GECELEMELI gezilerimiz de dahil olmak \u00fczere benzersiz, y\u00fcksek de\u011ferli geziler sunuyoruz.<\/li>\n<li>Zombi ko\u015fular\u0131, ka\u00e7\u0131\u015f oyunlar\u0131, engelli parkurlar ve m\u00fczik festivalleri gibi bir yaz okulunda sunulabilecek aktivitelerin s\u0131n\u0131rlar\u0131n\u0131 zorluyoruz.<\/li>\n<li>Her dili %20 ile s\u0131n\u0131rl\u0131yoruz, yani her kamp\u00fcste ayn\u0131 ana dile sahip en fazla 30 \u00e7ocuk bulunuyor.<\/li>\n<\/ul>\n<p>[\/vc_column_text][\/vc_column][vc_column width=&#8221;1\/2&#8243; offset=&#8221;vc_hidden-xs&#8221;][vc_single_image image=&#8221;1194&#8243; img_size=&#8221;full&#8221; alignment=&#8221;right&#8221; el_id=&#8221;main-image-hidden&#8221;][\/vc_column][\/vc_row][vc_row full_width=&#8221;stretch_row&#8221; content_placement=&#8221;middle&#8221; css=&#8221;.vc_custom_1679051905710{padding-top: 100px !important;padding-bottom: 50px !important;background-color: #eae3ee !important;}&#8221; el_id=&#8221;konumlar-blo\u011fu&#8221;][vc_column][vc_column_text el_class=&#8221;highlights&#8221;]<\/p>\n<h2 class=\"highlights\" style=\"text-align: center;\">\u00d6ne \u00c7\u0131kanlar<\/h2>\n<p>[\/vc_column_text][vc_row_inner gap=&#8221;35&#8243;][vc_column_inner width=&#8221;1\/3&#8243;][vc_column_text css=&#8221;.vc_custom_1681311828790{padding-top: 50px !important;padding-right: 0px !important;padding-bottom: 0px !important;padding-left: 0px !important;}&#8221;]<\/p>\n<h2><strong>Nitelikler ve temel gereksinimler<\/strong><\/h2>\n<ul>\n<li>Resmi nitelik gerekli de\u011fil<\/li>\n<li>DBS kontrolleri yap\u0131lacak<\/li>\n<li>Tak\u0131m oyuncusu<\/li>\n<li>\u00c7ocuk gruplar\u0131yla \u00e7al\u0131\u015fma deneyimi<\/li>\n<li>Ko\u00e7luk sertifikas\u0131 yararl\u0131 ancak gerekli de\u011fil<\/li>\n<\/ul>\n<p>[\/vc_column_text][\/vc_column_inner][vc_column_inner width=&#8221;1\/3&#8243;][vc_column_text css=&#8221;.vc_custom_1681311840763{padding-top: 50px !important;padding-right: 0px !important;padding-bottom: 0px !important;padding-left: 0px !important;}&#8221;]<\/p>\n<h2><strong>Tercih edilen beceriler<\/strong><\/h2>\n<ul>\n<li>Co\u015fkulu ve arkada\u015f canl\u0131s\u0131 ki\u015filik \u015fart<\/li>\n<li>\u0130yi ileti\u015fimci<\/li>\n<li>Oyunlar, aktiviteler ve sporlar hakk\u0131nda aktif ve g\u00fc\u00e7l\u00fc bilgi yararl\u0131<\/li>\n<\/ul>\n<p>[\/vc_column_text][\/vc_column_inner][vc_column_inner width=&#8221;1\/3&#8243;][vc_column_text css=&#8221;.vc_custom_1681311852578{padding-top: 50px !important;padding-right: 0px !important;padding-bottom: 0px !important;padding-left: 0px !important;}&#8221;]<\/p>\n<h2><strong>\u00c7al\u0131\u015fma saatleri <\/strong><\/h2>\n<p>\u0130\u015fin do\u011fas\u0131 gere\u011fi, Aktivite Koordinat\u00f6rlerinin \u00e7al\u0131\u015fma haftas\u0131 di\u011fer yaz okulu personeli gibi seanslara b\u00f6l\u00fcnmez. Aktivite Koordinat\u00f6r\u00fc haftada bir g\u00fcn ve bir ak\u015fam izin kullanacakt\u0131r.[\/vc_column_text][\/vc_column_inner][\/vc_row_inner][\/vc_column][\/vc_row][vc_row css=&#8221;.vc_custom_1678099481657{margin-top: 100px !important;margin-bottom: 100px !important;}&#8221;][vc_column][vc_column_text el_class=&#8221;highlights&#8221;]<\/p>\n<h2 class=\"highlights\" style=\"text-align: center;\"><strong>G\u00f6rev ve sorumluluklar<\/strong><\/h2>\n<p>[\/vc_column_text][vc_row_inner][vc_column_inner width=&#8221;1\/2&#8243;][vc_column_text css=&#8221;.vc_custom_1681311783675{padding-top: 50px !important;padding-right: 50px !important;padding-bottom: 50px !important;padding-left: 0px !important;}&#8221;]<\/p>\n<ul>\n<li>Canl\u0131, yarat\u0131c\u0131 ve iyi y\u00f6netilen bir aktivite ve sosyal etkinlik program\u0131 planlamak ve uygulamak.<\/li>\n<li>Program\u0131 en iyi \u015fekilde sunmak i\u00e7in y\u00f6netimindeki personelin fikirlerini, enerjisini ve becerilerini bir araya getirir.<\/li>\n<li>Yakartop, futbol ve beyzboldan, el sanatlar\u0131, tak\u0131m oyunlar\u0131 ve do\u011fa y\u00fcr\u00fcy\u00fc\u015flerine kadar \u00e7e\u015fitli aktivitelere liderlik etmen beklenecek.<\/li>\n<li>\u00d6\u011frenciler i\u00e7in olumlu bir rol model olmak, her \u00f6\u011frencinin geli\u015fmesi i\u00e7in destekleyici ve cesaretlendirici bir ortam sa\u011flamak.<\/li>\n<li>\u00d6nceden planlanm\u0131\u015f programa uyarak \u00f6\u011frenci gruplar\u0131na gezilerde liderlik etmek.<\/li>\n<li>Bir aktivite s\u0131ras\u0131nda veya gezi esnas\u0131nda \u00f6\u011frencilerin her zaman g\u00fcvende olmas\u0131n\u0131 sa\u011flamak.<\/li>\n<li>Aktivite ekibini etkili bir \u015fekilde y\u00f6netmek, desteklemek ve g\u00f6rev da\u011f\u0131l\u0131m\u0131 yapmak.<\/li>\n<li>Program\u0131n genel resminin ve her personelin buna nas\u0131l katk\u0131da bulunabilece\u011finin ve i\u00e7inde nas\u0131l \u00e7al\u0131\u015fabilece\u011finin fark\u0131nda olmak esast\u0131r.<\/li>\n<li>Yaz okulu y\u00f6netim ekibinin di\u011fer \u00fcyeleriyle yak\u0131n ve etkili bir \u015fekilde \u00e7al\u0131\u015fmak<\/li>\n<li>Personel e\u011fitimi s\u0131ras\u0131nda t\u00fcm Aktivite Liderlerini etkili bir \u015fekilde i\u015fe al\u0131\u015ft\u0131rmak ve yaz boyunca s\u00fcrekli destek, g\u00f6zlem ve e\u011fitim sa\u011flamak.<\/li>\n<li>Etkinliklerin ve g\u00f6revlendirilen aktivitelerin \u00f6nceden iyi haz\u0131rlanmas\u0131n\u0131 sa\u011flamak i\u00e7in Aktivite Lideri planlama toplant\u0131lar\u0131na liderlik etmek, etkinliklere kat\u0131lan t\u00fcm personelin etkinlikler ba\u015flamadan \u00f6nce g\u00f6revlerinin fark\u0131nda olmas\u0131n\u0131 ve iyi bilgilendirilmesini sa\u011flamak.<\/li>\n<li>Aktivite personeli ve y\u00f6netimle g\u00fcnl\u00fck toplant\u0131lara kat\u0131lmak ve y\u00f6netmek.<\/li>\n<li>\u00d6\u011frenciler ve personel i\u00e7in kapsaml\u0131 g\u00fcnl\u00fck aktivite kay\u0131tlar\u0131 ve n\u00f6bet \u00e7izelgeleri haz\u0131rlamak.<\/li>\n<li>Personelin etkinlikler ba\u015flamadan \u00f6nce t\u00fcm ekipman ve tesisleri kurmas\u0131n\u0131 ve sonunda d\u00fczg\u00fcn bir \u015fekilde toplamas\u0131n\u0131 sa\u011flamak.<\/li>\n<li>Yeni personele kamp ya\u015fam\u0131nda destek olmak ve \u00f6rnek olmak.<\/li>\n<li>Kamp\u0131n g\u00fcnl\u00fck yap\u0131s\u0131nda daha fazla sorumluluk almak.<\/li>\n<li>Gerekirse \u00f6\u011frencilerin havaalan\u0131na gidi\u015f-geli\u015flerinde yard\u0131mc\u0131 olmak.<\/li>\n<li>\u00d6\u011frencilerin var\u0131\u015f ve ayr\u0131l\u0131\u015flar\u0131nda yard\u0131mc\u0131 olmak.<\/li>\n<li>Bu pozisyon yat\u0131l\u0131d\u0131r ve bu nedenle bir yatak odas\u0131 ve g\u00fcnde 3 \u00f6\u011f\u00fcn yemek dahildir.<\/li>\n<li>T\u00fcm Samiad personeli, kamp\u00fcsteki \u00f6\u011frencilerin refah\u0131ndan ve memnuniyetinden sorumludur. G\u00f6revin bir par\u00e7as\u0131 olarak yatakhanede az say\u0131da \u00f6\u011frenciden ortak sorumlu olacak ve herhangi bir refah sorununu yatakhane sorumlusuna bildirmen gerekecek. <\/li>\n<li>T\u00fcm etkinliklerin yeterli personelle donat\u0131lmas\u0131n\u0131 ve herkesin g\u00f6revlerinin fark\u0131nda olmas\u0131n\u0131 sa\u011flamak.<\/li>\n<li>\u00d6\u011frenci davran\u0131\u015flar\u0131n\u0131n uygun standartlarda s\u00fcrd\u00fcr\u00fclmesini sa\u011flamak ve ortaya \u00e7\u0131kan sorunlarla ilgilenmek.<\/li>\n<\/ul>\n<p>[\/vc_column_text][\/vc_column_inner][vc_column_inner width=&#8221;1\/2&#8243;][vc_column_text css=&#8221;.vc_custom_1681311800373{padding-top: 50px !important;padding-right: 50px !important;padding-bottom: 50px !important;padding-left: 0px !important;}&#8221;]<\/p>\n<ul>\n<li>Y\u00f6netim ekibinin di\u011fer \u00fcyeleriyle birlikte, yaz okulunun y\u00fcz\u00fc olmak, \u00f6\u011frenciler, grup liderleri ve personel i\u00e7in profesyonel ve olumlu bir ortam sunmak.<\/li>\n<li>Okula gelen ve ayr\u0131lan \u00f6\u011frencilerin ve velilerin sorunsuz bir \u015fekilde kar\u015f\u0131lanmas\u0131na ve u\u011furlanmas\u0131na yard\u0131mc\u0131 olmak.<\/li>\n<li>T\u00fcm aktivitelere ve gezilere gidi\u015f-geli\u015flerde kamp\u00fcs m\u00fcd\u00fcr\u00fcyle ileti\u015fim kurmak.<\/li>\n<li>Gerekti\u011finde refah ve rehberlik g\u00f6revlerinde yard\u0131mc\u0131 olmak ve hem Refah Koordinat\u00f6r\u00fcne hem de Yatakhane Sorumlular\u0131na destek sa\u011flamak.<\/li>\n<li>\u00d6\u011frencilerin ve Grup Liderlerinin ihtiya\u00e7lar\u0131na her zaman cevap vermek, \u00f6\u011frencilerin g\u00fcvenli\u011fine ve refah\u0131na \u00f6ncelik vererek bunu y\u00f6netime bildirmek.<\/li>\n<li>\u00d6\u011frencilerin ba\u011f\u0131ms\u0131zl\u0131k, \u00f6zg\u00fcven ve sosyal becerilerini geli\u015ftirmelerine yard\u0131mc\u0131 olurken programa ba\u015far\u0131yla kat\u0131lmalar\u0131n\u0131 sa\u011flamak.<\/li>\n<li>\u00d6\u011frencilerin ba\u015fvurabilece\u011fi d\u0131\u015fa d\u00f6n\u00fck, e\u011flenceli ve arkada\u015f canl\u0131s\u0131 bir y\u00fcz olmak.<\/li>\n<li>Merkezin g\u00fcnl\u00fck i\u015fleyi\u015finde y\u00f6netime yard\u0131mc\u0131 olmak<\/li>\n<li>Acil bir durumda veya bir \u00f6\u011frenci hasta ya da yaral\u0131 oldu\u011funda her zaman yard\u0131mc\u0131 olmak.<\/li>\n<li>Di\u011fer t\u00fcm makul g\u00f6revleri yerine getirmek.<\/li>\n<\/ul>\n<p>[\/vc_column_text][\/vc_column_inner][\/vc_row_inner][\/vc_column][\/vc_row][vc_row full_width=&#8221;stretch_row&#8221; css=&#8221;.vc_custom_1681295487498{padding-top: 50px !important;padding-bottom: 50px !important;background-color: #e9e5dc !important;}&#8221;][vc_column][vc_column_text el_class=&#8221;highlights&#8221;]<\/p>\n<h2 class=\"highlights\" style=\"text-align: center;\"><strong>\u015e\u0130MD\u0130 BA\u015eVUR<\/strong><\/h2>\n<p>[\/vc_column_text]\n<div class=\"wpcf7 no-js\" id=\"wpcf7-f1861-o1\" lang=\"en-US\" dir=\"ltr\" data-wpcf7-id=\"1861\">\n<div class=\"screen-reader-response\"><p role=\"status\" aria-live=\"polite\" aria-atomic=\"true\"><\/p> <ul><\/ul><\/div>\n<form action=\"\/tr\/wp-json\/wp\/v2\/posts\/9432#wpcf7-f1861-o1\" method=\"post\" class=\"wpcf7-form init\" aria-label=\"Contact form\" novalidate=\"novalidate\" data-status=\"init\">\n<fieldset class=\"hidden-fields-container\"><input type=\"hidden\" name=\"_wpcf7\" value=\"1861\" \/><input type=\"hidden\" name=\"_wpcf7_version\" value=\"6.1.5\" \/><input type=\"hidden\" name=\"_wpcf7_locale\" value=\"en_US\" \/><input type=\"hidden\" name=\"_wpcf7_unit_tag\" value=\"wpcf7-f1861-o1\" \/><input type=\"hidden\" name=\"_wpcf7_container_post\" value=\"0\" \/><input type=\"hidden\" name=\"_wpcf7_posted_data_hash\" value=\"\" \/><input type=\"hidden\" name=\"_wpcf7_recaptcha_response\" value=\"\" \/>\n<\/fieldset>\n<div class=\"newformenquire\">\n\t<p><label> Your name<\/label><br \/>\n<span class=\"wpcf7-form-control-wrap\" data-name=\"your-name\"><input size=\"40\" maxlength=\"400\" class=\"wpcf7-form-control wpcf7-text wpcf7-validates-as-required\" autocomplete=\"name\" aria-required=\"true\" aria-invalid=\"false\" value=\"\" type=\"text\" name=\"your-name\" \/><\/span>\n\t<\/p>\n\t<p><label> Your email<\/label><br \/>\n<span class=\"wpcf7-form-control-wrap\" data-name=\"your-email\"><input size=\"40\" maxlength=\"400\" class=\"wpcf7-form-control wpcf7-email wpcf7-validates-as-required wpcf7-text wpcf7-validates-as-email\" autocomplete=\"email\" aria-required=\"true\" aria-invalid=\"false\" value=\"\" type=\"email\" name=\"your-email\" \/><\/span>\n\t<\/p>\n\t<p><label> Your message (optional)<\/label><br \/>\n<span class=\"wpcf7-form-control-wrap\" data-name=\"your-message\"><textarea cols=\"40\" rows=\"10\" maxlength=\"2000\" class=\"wpcf7-form-control wpcf7-textarea\" aria-invalid=\"false\" name=\"your-message\"><\/textarea><\/span>\n\t<\/p>\n\t<p><span class=\"wpcf7-form-control-wrap\" data-name=\"upload-file-721\"><input size=\"40\" class=\"wpcf7-form-control wpcf7-drag-n-drop-file d-none\" aria-required=\"true\" aria-invalid=\"false\" type=\"file\" multiple=\"multiple\" data-name=\"upload-file-721\" data-id=\"1861\" data-version=\"free version 1.3.9.6\" accept=\".\" \/><\/span>\n\t<\/p>\n\t<p><input class=\"wpcf7-form-control wpcf7-submit has-spinner\" type=\"submit\" value=\"Submit\" \/>\n\t<\/p>\n<\/div><div class=\"wpcf7-response-output\" aria-hidden=\"true\"><\/div>\n<\/form>\n<\/div>\n[\/vc_column][\/vc_row]<\/p>\n<\/div>","protected":false},"excerpt":{"rendered":"<p>HAFTALIK 525\u00a3 YEMEK VE KONAKLAMA DAH\u0130L<\/p>\n<p>Samiad, d\u00f6rt kamp\u00fcs\u00fc ve 70 \u00fclkeden beklenen 1000&#8217;den fazla \u00f6\u011frencisiyle \u0130ngiltere&#8217;nin en b\u00fcy\u00fck yat\u0131l\u0131 yaz okullar\u0131ndan biridir.<\/p>\n","protected":false},"author":1,"featured_media":5715,"comment_status":"closed","ping_status":"closed","sticky":false,"template":"","format":"standard","meta":{"_acf_changed":false,"neve_meta_sidebar":"","neve_meta_container":"","neve_meta_enable_content_width":"off","neve_meta_content_width":70,"neve_meta_title_alignment":"","neve_meta_author_avatar":"","neve_post_elements_order":"","neve_meta_disable_header":"","neve_meta_disable_footer":"","neve_meta_disable_title":"","neve_meta_reading_time":"","footnotes":""},"categories":[94],"tags":[],"class_list":["post-9432","post","type-post","status-publish","format-standard","has-post-thumbnail","hentry","category-is-ilanlari"],"acf":[],"_links":{"self":[{"href":"https:\/\/www.samiad.com\/tr\/wp-json\/wp\/v2\/posts\/9432","targetHints":{"allow":["GET"]}}],"collection":[{"href":"https:\/\/www.samiad.com\/tr\/wp-json\/wp\/v2\/posts"}],"about":[{"href":"https:\/\/www.samiad.com\/tr\/wp-json\/wp\/v2\/types\/post"}],"author":[{"embeddable":true,"href":"https:\/\/www.samiad.com\/tr\/wp-json\/wp\/v2\/users\/1"}],"replies":[{"embeddable":true,"href":"https:\/\/www.samiad.com\/tr\/wp-json\/wp\/v2\/comments?post=9432"}],"version-history":[{"count":0,"href":"https:\/\/www.samiad.com\/tr\/wp-json\/wp\/v2\/posts\/9432\/revisions"}],"wp:featuredmedia":[{"embeddable":true,"href":"https:\/\/www.samiad.com\/tr\/wp-json\/wp\/v2\/media\/5715"}],"wp:attachment":[{"href":"https:\/\/www.samiad.com\/tr\/wp-json\/wp\/v2\/media?parent=9432"}],"wp:term":[{"taxonomy":"category","embeddable":true,"href":"https:\/\/www.samiad.com\/tr\/wp-json\/wp\/v2\/categories?post=9432"},{"taxonomy":"post_tag","embeddable":true,"href":"https:\/\/www.samiad.com\/tr\/wp-json\/wp\/v2\/tags?post=9432"}],"curies":[{"name":"wp","href":"https:\/\/api.w.org\/{rel}","templated":true}]}}